{"id":5603,"date":"2026-04-29T15:26:03","date_gmt":"2026-04-29T13:26:03","guid":{"rendered":"https:\/\/dalber.com\/blog\/?p=5603"},"modified":"2026-04-29T15:26:04","modified_gmt":"2026-04-29T13:26:04","slug":"o-primeiro-candeeiro-para-o-seu-bebe","status":"publish","type":"post","link":"https:\/\/dalber.com\/blog\/pt-pt\/o-primeiro-candeeiro-para-o-seu-bebe\/","title":{"rendered":"O primeiro candeeiro para o seu beb\u00e9"},"content":{"rendered":"\n<p>O primeiro candeeiro para o seu beb\u00e9: como escolher a ilumina\u00e7\u00e3o perfeita para o seu quarto.<\/p>\n\n\n\n<p>A chegada de um beb\u00e9 muda tudo. Cada detalhe conta, e um dos mais importantes, embora muitas vezes negligenciado, \u00e9 a ilumina\u00e7\u00e3o do quarto.<\/p>\n\n\n\n<p>Escolher o primeiro candeeiro para o seu beb\u00e9 n\u00e3o \u00e9 apenas uma quest\u00e3o de est\u00e9tica, mas tamb\u00e9m de bem-estar, descanso e seguran\u00e7a.<\/p>\n\n\n\n<p>Na publica\u00e7\u00e3o do blogue deste m\u00eas, explicamos quais as caracter\u00edsticas que deve ter a ilumina\u00e7\u00e3o ideal para um beb\u00e9 e como escolher a l\u00e2mpada perfeita.<\/p>\n\n\n\n<h2 class=\"wp-block-heading\">Porque \u00e9 que a ilumina\u00e7\u00e3o \u00e9 t\u00e3o importante para os beb\u00e9s?<\/h2>\n\n\n\n<p>Durante os primeiros meses de vida, o meio ambiente influencia diretamente o desenvolvimento do beb\u00e9.<\/p>\n\n\n\n<figure class=\"wp-block-image size-large is-resized\"><a href=\"https:\/\/dalber.com\/pt\/candeeiros-de-mesa-infantis\/1534-candeeiro-de-mesa-infantil-baby-dreams-estrela-azul-led-8420406002613.html\"><img decoding=\"async\" loading=\"lazy\" width=\"878\" height=\"1024\" src=\"https:\/\/dalber.com\/blog\/wp-content\/uploads\/2026\/04\/lampara-de-mesa-infantil-baby-dreams-estrella-azul-led-878x1024.jpg\" alt=\"\" class=\"wp-image-5556\" style=\"aspect-ratio:0.857421875;width:568px;height:auto\" srcset=\"https:\/\/dalber.com\/blog\/wp-content\/uploads\/2026\/04\/lampara-de-mesa-infantil-baby-dreams-estrella-azul-led-878x1024.jpg 878w, https:\/\/dalber.com\/blog\/wp-content\/uploads\/2026\/04\/lampara-de-mesa-infantil-baby-dreams-estrella-azul-led-257x300.jpg 257w, https:\/\/dalber.com\/blog\/wp-content\/uploads\/2026\/04\/lampara-de-mesa-infantil-baby-dreams-estrella-azul-led-129x150.jpg 129w, https:\/\/dalber.com\/blog\/wp-content\/uploads\/2026\/04\/lampara-de-mesa-infantil-baby-dreams-estrella-azul-led-768x896.jpg 768w, https:\/\/dalber.com\/blog\/wp-content\/uploads\/2026\/04\/lampara-de-mesa-infantil-baby-dreams-estrella-azul-led-150x175.jpg 150w, https:\/\/dalber.com\/blog\/wp-content\/uploads\/2026\/04\/lampara-de-mesa-infantil-baby-dreams-estrella-azul-led.jpg 1200w\" sizes=\"(max-width: 878px) 100vw, 878px\" \/><\/a><figcaption class=\"wp-element-caption\"><a href=\"https:\/\/dalber.com\/pt\/candeeiros-de-mesa-infantis\/1534-candeeiro-de-mesa-infantil-baby-dreams-estrela-azul-led-8420406002613.html\"> <span class=\"h1 namne_details\">Candeeiro de mesa Luz de presen\u00e7a LED infantil Baby Dreams Estrela azul<\/span> <\/a><\/figcaption><\/figure>\n\n\n\n<p>A luz desempenha um papel fundamental no seu descanso, uma vez que afeta o ritmo circadiano e a produ\u00e7\u00e3o de melatonina, a hormona do sono.<\/p>\n\n\n\n<p>O candeeiro de cabeceira infantil <a href=\"https:\/\/dalber.com\/pt\/candeeiros-de-mesa-infantis\/1534-candeeiro-de-mesa-infantil-baby-dreams-estrela-azul-led-8420406002613.html\">Baby Dreams<\/a>, com tr\u00eas pequenas estrelas azuis, cont\u00e9m tinta fluorescente que brilha no escuro; basta lig\u00e1-lo durante 5 a 10 minutos para carregar.<\/p>\n\n\n\n<p>Esta lumin\u00e1ria funciona tamb\u00e9m como luz de presen\u00e7a devido \u00e0 sua efici\u00eancia energ\u00e9tica, uma vez que utiliza uma l\u00e2mpada de 4W. Inclui ainda um cabo com interruptor para maior comodidade.<\/p>\n\n\n\n<p>Uma ilumina\u00e7\u00e3o adequada ajuda a:<\/p>\n\n\n\n<ul>\n<li>Promova o sono profundo.<\/li>\n\n\n\n<li>Reduza o stress visual.<\/li>\n\n\n\n<li>Crie um ambiente seguro e acolhedor.<\/li>\n<\/ul>\n\n\n\n<p>Por isso, n\u00e3o basta qualquer l\u00e2mpada. \u00c9 importante escolher uma que seja especificamente concebida para quartos de crian\u00e7as.<\/p>\n\n\n\n<h2 class=\"wp-block-heading\">Luz suave e quente: a chave para o descanso.<\/h2>\n\n\n\n<p>A primeira caracter\u00edstica que o candeeiro do seu beb\u00e9 deve ter \u00e9 uma luz suave e quente.<\/p>\n\n\n\n<p>Luzes demasiado intensas ou frias podem perturbar o seu descanso, enquanto uma ilumina\u00e7\u00e3o suave promove o relaxamento e o sono.<\/p>\n\n\n\n<p>O ideal:<\/p>\n\n\n\n<ul>\n<li>Luz difusa, sem brilho excessivo.<\/li>\n\n\n\n<li>L\u00e2mpadas LED de baixa intensidade.<\/li>\n<\/ul>\n\n\n\n<p>Este tipo de luz cria um ambiente calmo, perfeito para dormir e tamb\u00e9m para momentos como a amamenta\u00e7\u00e3o noturna.<\/p>\n\n\n\n<h2 class=\"wp-block-heading\">Ilumina\u00e7\u00e3o difusa e sem sombras<\/h2>\n\n\n\n<p>Um erro comum \u00e9 utilizar ilumina\u00e7\u00e3o direta ou excessivamente focada. Para um beb\u00e9, a melhor op\u00e7\u00e3o \u00e9 uma ilumina\u00e7\u00e3o geral suave e uniforme.<\/p>\n\n\n\n<p>As l\u00e2mpadas com difusores, como candeeiros de teto ou pendentes, ajudam a distribuir a luz sem criar sombras ou encandeamento.<\/p>\n\n\n\n<figure class=\"wp-block-image size-large is-resized\"><a href=\"https:\/\/dalber.com\/pt\/candeeiros-de-tecto-infantis-3-luzes\/852-plafon-de-tecto-3-luzes-infantil-moonlight-lua-e-estrelas-rosa-8420406000411.html\"><img decoding=\"async\" loading=\"lazy\" width=\"878\" height=\"1024\" src=\"https:\/\/dalber.com\/blog\/wp-content\/uploads\/2026\/04\/plafon-de-techo-3-luces-infantil-moonlight-luna-y-estrellas-rosa-878x1024.jpg\" alt=\"\" class=\"wp-image-5561\" style=\"aspect-ratio:0.857421875;width:646px;height:auto\" srcset=\"https:\/\/dalber.com\/blog\/wp-content\/uploads\/2026\/04\/plafon-de-techo-3-luces-infantil-moonlight-luna-y-estrellas-rosa-878x1024.jpg 878w, https:\/\/dalber.com\/blog\/wp-content\/uploads\/2026\/04\/plafon-de-techo-3-luces-infantil-moonlight-luna-y-estrellas-rosa-257x300.jpg 257w, https:\/\/dalber.com\/blog\/wp-content\/uploads\/2026\/04\/plafon-de-techo-3-luces-infantil-moonlight-luna-y-estrellas-rosa-129x150.jpg 129w, https:\/\/dalber.com\/blog\/wp-content\/uploads\/2026\/04\/plafon-de-techo-3-luces-infantil-moonlight-luna-y-estrellas-rosa-768x896.jpg 768w, https:\/\/dalber.com\/blog\/wp-content\/uploads\/2026\/04\/plafon-de-techo-3-luces-infantil-moonlight-luna-y-estrellas-rosa-150x175.jpg 150w, https:\/\/dalber.com\/blog\/wp-content\/uploads\/2026\/04\/plafon-de-techo-3-luces-infantil-moonlight-luna-y-estrellas-rosa.jpg 1200w\" sizes=\"(max-width: 878px) 100vw, 878px\" \/><\/a><figcaption class=\"wp-element-caption\"><a href=\"https:\/\/dalber.com\/pt\/candeeiros-de-tecto-infantis-3-luzes\/852-plafon-de-tecto-3-luzes-infantil-moonlight-lua-e-estrelas-rosa-8420406000411.html\"> <span class=\"h1 namne_details\">Plafon De Tecto 3 luzes infantil Moonlight Lua e estrelas rosa<\/span> <\/a><\/figcaption><\/figure>\n\n\n\n<p>Este candeeiro de tecto para quarto de beb\u00e9 com 3 l\u00e2mpadas, decorado com recortes de luas e estrelas, cont\u00e9m tinta fluorescente que brilha no escuro. Basta lig\u00e1-lo durante 5 a 10 minutos para carregar.<\/p>\n\n\n\n<p>Al\u00e9m disso, possui um difusor antirreflexo e altura ajust\u00e1vel, perfeito para quartos e \u00e1reas de lazer, proporcionando seguran\u00e7a e conforto.<\/p>\n\n\n\n<p>Isto n\u00e3o s\u00f3 melhora o conforto visual, como tamb\u00e9m evita est\u00edmulos desnecess\u00e1rios que podem perturbar o seu descanso.<\/p>\n\n\n\n<h2 class=\"wp-block-heading\">Luz de presen\u00e7a ou luz de cabeceira<\/h2>\n\n\n\n<p>As luzes noturnas s\u00e3o indispens\u00e1veis \u200b\u200bno quarto de qualquer crian\u00e7a.<\/p>\n\n\n\n<p>Eles permitem:<\/p>\n\n\n\n<ul>\n<li>Preste aten\u00e7\u00e3o ao beb\u00e9 sem acender uma luz forte.<\/li>\n\n\n\n<li>Criar uma sensa\u00e7\u00e3o de seguran\u00e7a.<\/li>\n\n\n\n<li>Promova o repouso cont\u00ednuo.<\/li>\n<\/ul>\n\n\n\n<figure class=\"wp-block-image size-large is-resized\"><a href=\"https:\/\/dalber.com\/pt\/candeeiros-de-parede-infantis\/1559-candeeiro-infantil-de-parede-baby-teddy-azul-ursinhos-8420406002194.html\"><img decoding=\"async\" loading=\"lazy\" width=\"878\" height=\"1024\" src=\"https:\/\/dalber.com\/blog\/wp-content\/uploads\/2026\/04\/aplique-de-pared-infantil-baby-teddy-azul-ositos-878x1024.jpg\" alt=\"\" class=\"wp-image-5566\" style=\"aspect-ratio:0.8571428571428571;width:662px;height:auto\" srcset=\"https:\/\/dalber.com\/blog\/wp-content\/uploads\/2026\/04\/aplique-de-pared-infantil-baby-teddy-azul-ositos-878x1024.jpg 878w, https:\/\/dalber.com\/blog\/wp-content\/uploads\/2026\/04\/aplique-de-pared-infantil-baby-teddy-azul-ositos-257x300.jpg 257w, https:\/\/dalber.com\/blog\/wp-content\/uploads\/2026\/04\/aplique-de-pared-infantil-baby-teddy-azul-ositos-129x150.jpg 129w, https:\/\/dalber.com\/blog\/wp-content\/uploads\/2026\/04\/aplique-de-pared-infantil-baby-teddy-azul-ositos-768x896.jpg 768w, https:\/\/dalber.com\/blog\/wp-content\/uploads\/2026\/04\/aplique-de-pared-infantil-baby-teddy-azul-ositos-150x175.jpg 150w, https:\/\/dalber.com\/blog\/wp-content\/uploads\/2026\/04\/aplique-de-pared-infantil-baby-teddy-azul-ositos.jpg 1200w\" sizes=\"(max-width: 878px) 100vw, 878px\" \/><\/a><figcaption class=\"wp-element-caption\"><a href=\"https:\/\/dalber.com\/pt\/candeeiros-de-parede-infantis\/1559-candeeiro-infantil-de-parede-baby-teddy-azul-ursinhos-8420406002194.html\"> <span class=\"h1 namne_details\">Candeeiro infantil de parede Baby Teddy Azul Ursinhos<\/span> <\/a><\/figcaption><\/figure>\n\n\n\n<p>Cont\u00e9m tinta fluorescente que brilha no escuro; basta lig\u00e1-la durante 5 a 10 minutos para carregar\u2026 Depois, desligue-a e desfrute do seu brilho m\u00e1gico! Pode ser instalada diretamente na parede ou utilizando o cabo inclu\u00eddo com interruptor, adaptando-se \u00e0s suas necessidades.<\/p>\n\n\n\n<p>Os abajures ou candeeiros de cabeceira com luz suave s\u00e3o ideais para esta utiliza\u00e7\u00e3o, pois proporcionam uma ilumina\u00e7\u00e3o delicada e constante durante a noite.<\/p>\n\n\n\n<p>Podemos tamb\u00e9m optar por um cord\u00e3o de luzes de presen\u00e7a. Esta op\u00e7\u00e3o proporciona uma luz suave ao quarto, perfeita para o beb\u00e9, oferecendo uma sensa\u00e7\u00e3o de calma e seguran\u00e7a.<\/p>\n\n\n\n<figure class=\"wp-block-image size-large is-resized\"><a href=\"https:\/\/dalber.com\/pt\/guirlanda-luz-de-presenca\/1479-guirlanda-luz-de-presenca-unicorns-unicornios-8420406415956.html\"><img decoding=\"async\" loading=\"lazy\" width=\"878\" height=\"1024\" src=\"https:\/\/dalber.com\/blog\/wp-content\/uploads\/2026\/04\/guirnalda-quitamiedos-unicorns-unicornios-878x1024.jpg\" alt=\"\" class=\"wp-image-5571\" style=\"aspect-ratio:0.8571428571428571;width:667px;height:auto\" srcset=\"https:\/\/dalber.com\/blog\/wp-content\/uploads\/2026\/04\/guirnalda-quitamiedos-unicorns-unicornios-878x1024.jpg 878w, https:\/\/dalber.com\/blog\/wp-content\/uploads\/2026\/04\/guirnalda-quitamiedos-unicorns-unicornios-257x300.jpg 257w, https:\/\/dalber.com\/blog\/wp-content\/uploads\/2026\/04\/guirnalda-quitamiedos-unicorns-unicornios-129x150.jpg 129w, https:\/\/dalber.com\/blog\/wp-content\/uploads\/2026\/04\/guirnalda-quitamiedos-unicorns-unicornios-768x896.jpg 768w, https:\/\/dalber.com\/blog\/wp-content\/uploads\/2026\/04\/guirnalda-quitamiedos-unicorns-unicornios-150x175.jpg 150w, https:\/\/dalber.com\/blog\/wp-content\/uploads\/2026\/04\/guirnalda-quitamiedos-unicorns-unicornios.jpg 1200w\" sizes=\"(max-width: 878px) 100vw, 878px\" \/><\/a><figcaption class=\"wp-element-caption\"><a href=\"https:\/\/dalber.com\/pt\/guirlanda-luz-de-presenca\/1479-guirlanda-luz-de-presenca-unicorns-unicornios-8420406415956.html\"> <span class=\"h1 namne_details\">Guirlanda Luz de Presen\u00e7a Ilumina\u00e7\u00e3o Interior Unicorns &#8211; Unic\u00f3rnios<\/span> <\/a><\/figcaption><\/figure>\n\n\n\n<h2 class=\"wp-block-heading\">Seguran\u00e7a em primeiro lugar<\/h2>\n\n\n\n<p>Quando se trata de beb\u00e9s, a seguran\u00e7a \u00e9 inegoci\u00e1vel.<\/p>\n\n\n\n<p>As lumin\u00e1rias devem ser fabricadas em materiais dur\u00e1veis, leves e n\u00e3o t\u00f3xicos. No nosso caso, todos os nossos produtos cumprem as rigorosas normas europeias e s\u00e3o especificamente concebidos para ambientes infantis.<\/p>\n\n\n\n<p>Al\u00e9m disso, muitos modelos s\u00e3o feitos de polipropileno retardante de chamas, o que proporciona uma prote\u00e7\u00e3o extra.<\/p>\n\n\n\n<h2 class=\"wp-block-heading\">Desenhos que estimulam e relaxam<\/h2>\n\n\n\n<p>A ilumina\u00e7\u00e3o tamb\u00e9m faz parte do ambiente emocional do beb\u00e9.<\/p>\n\n\n\n<p>Os candeeiros infantis modernos combinam a funcionalidade com o design:<\/p>\n\n\n\n<ul>\n<li>Motivos de animais, nuvens ou estrelas.<\/li>\n\n\n\n<li>Efeitos fluorescentes que brilham no escuro.<\/li>\n\n\n\n<li>Cores suaves e relaxantes.<\/li>\n<\/ul>\n\n\n\n<p>Estes tipos de designs n\u00e3o s\u00f3 decoram, como tamb\u00e9m ajudam a criar uma atmosfera acolhedora e familiar, promovendo uma sensa\u00e7\u00e3o de calma.<\/p>\n\n\n\n<h2 class=\"wp-block-heading\">Combine diferentes tipos de l\u00e2mpadas<\/h2>\n\n\n\n<p>Uma ilumina\u00e7\u00e3o perfeita n\u00e3o depende de uma \u00fanica l\u00e2mpada, mas sim da combina\u00e7\u00e3o certa:<\/p>\n\n\n\n<figure class=\"wp-block-image size-large\"><a href=\"https:\/\/dalber.com\/pt\/148-moon-dream\"><img decoding=\"async\" loading=\"lazy\" width=\"1024\" height=\"718\" src=\"https:\/\/dalber.com\/blog\/wp-content\/uploads\/2026\/04\/aplique-de-pared-infantil-moon-dream-luna-1024x718.jpg\" alt=\"\" class=\"wp-image-5576\" srcset=\"https:\/\/dalber.com\/blog\/wp-content\/uploads\/2026\/04\/aplique-de-pared-infantil-moon-dream-luna-1024x718.jpg 1024w, https:\/\/dalber.com\/blog\/wp-content\/uploads\/2026\/04\/aplique-de-pared-infantil-moon-dream-luna-300x210.jpg 300w, https:\/\/dalber.com\/blog\/wp-content\/uploads\/2026\/04\/aplique-de-pared-infantil-moon-dream-luna-150x105.jpg 150w, https:\/\/dalber.com\/blog\/wp-content\/uploads\/2026\/04\/aplique-de-pared-infantil-moon-dream-luna-768x538.jpg 768w, https:\/\/dalber.com\/blog\/wp-content\/uploads\/2026\/04\/aplique-de-pared-infantil-moon-dream-luna.jpg 1200w\" sizes=\"(max-width: 1024px) 100vw, 1024px\" \/><\/a><figcaption class=\"wp-element-caption\"><a href=\"https:\/\/dalber.com\/pt\/148-moon-dream\">Cole\u00e7\u00e3o Moon Dream<\/a><\/figcaption><\/figure>\n\n\n\n<ul>\n<li>Lumin\u00e1ria de teto: ilumina\u00e7\u00e3o geral.<\/li>\n\n\n\n<li>Candeeiro de mesa: luz ambiente ou auxiliar.<\/li>\n\n\n\n<li>Luz de presen\u00e7a: companheira durante a noite.<\/li>\n<\/ul>\n\n\n\n<p>Com a cole\u00e7\u00e3o <a href=\"https:\/\/dalber.com\/pt\/148-moon-dream\">Moon Dream,<\/a> a noite enche-se de calma e fantasia. As fases da lua iluminam o quarto enquanto ador\u00e1veis \u200b\u200banimais sonolentos acompanham os mais pequenos nos seus sonhos e momentos de descanso.<\/p>\n\n\n\n<p>Cada candeeiro oferece uma luz suave e convidativa, criando uma atmosfera serena onde a imagina\u00e7\u00e3o pode voar entre luas e estrelas. Os pequenos animais observam dos seus cantos, convidando-o a sonhar, relaxar e descobrir a magia da noite em cada detalhe.<\/p>\n\n\n\n<p>Moon Dream n\u00e3o \u00e9 apenas um candeeiro: \u00e9 um aliado na rotina noturna, transformando o ambiente num ref\u00fagio de tranquilidade e momentos especiais.<\/p>\n\n\n\n<p>Esta combina\u00e7\u00e3o permite adaptar a ilumina\u00e7\u00e3o a cada momento do dia e \u00e0s necessidades do beb\u00e9.<\/p>\n\n\n\n<p>Escolher o primeiro candeeiro de mesa do seu beb\u00e9 \u00e9 muito mais do que uma decis\u00e3o decorativa. \u00c9 um investimento no bem-estar, no descanso e no desenvolvimento do mesmo.<\/p>\n\n\n\n<p>Uma boa ilumina\u00e7\u00e3o deve ser suave, segura, aconchegante e concebida para complementar cada momento do seu dia.<\/p>\n\n\n\n<p>En <a href=\"https:\/\/dalber.com\/pt\/\">Dalber<\/a> encontrar\u00e1s l\u00e1mparas dise\u00f1adas espec\u00edficamente para ello, con materiales seguros, dise\u00f1os pensados para ni\u00f1os y una iluminaci\u00f3n que cuida lo m\u00e1s importante\u2026 su descanso.<\/p>\n<div style=\"text-align:left\" class=\"yasr-auto-insert-overall\"><\/div><div style=\"text-align:left\" class=\"yasr-auto-insert-visitor\"><\/div>","protected":false},"excerpt":{"rendered":"<p>O primeiro candeeiro para o seu beb\u00e9: como escolher a ilumina\u00e7\u00e3o perfeita para o seu quarto. A chegada de um beb\u00e9 muda tudo. Cada detalhe conta, e um dos mais importantes, embora muitas vezes negligenciado, \u00e9 a ilumina\u00e7\u00e3o do quarto. Escolher o primeiro candeeiro para o seu beb\u00e9 n\u00e3o \u00e9 apenas uma quest\u00e3o de est\u00e9tica, [&hellip;]<\/p>\n","protected":false},"author":1,"featured_media":5614,"comment_status":"open","ping_status":"open","sticky":false,"template":"","format":"standard","meta":{"yasr_overall_rating":0,"yasr_post_is_review":"","yasr_auto_insert_disabled":"","yasr_review_type":"","footnotes":""},"categories":[21,24],"tags":[255,234,197,180],"yasr_visitor_votes":{"number_of_votes":0,"sum_votes":0,"stars_attributes":{"read_only":false,"span_bottom":false}},"_links":{"self":[{"href":"https:\/\/dalber.com\/blog\/pt-pt\/wp-json\/wp\/v2\/posts\/5603"}],"collection":[{"href":"https:\/\/dalber.com\/blog\/pt-pt\/wp-json\/wp\/v2\/posts"}],"about":[{"href":"https:\/\/dalber.com\/blog\/pt-pt\/wp-json\/wp\/v2\/types\/post"}],"author":[{"embeddable":true,"href":"https:\/\/dalber.com\/blog\/pt-pt\/wp-json\/wp\/v2\/users\/1"}],"replies":[{"embeddable":true,"href":"https:\/\/dalber.com\/blog\/pt-pt\/wp-json\/wp\/v2\/comments?post=5603"}],"version-history":[{"count":2,"href":"https:\/\/dalber.com\/blog\/pt-pt\/wp-json\/wp\/v2\/posts\/5603\/revisions"}],"predecessor-version":[{"id":5608,"href":"https:\/\/dalber.com\/blog\/pt-pt\/wp-json\/wp\/v2\/posts\/5603\/revisions\/5608"}],"wp:featuredmedia":[{"embeddable":true,"href":"https:\/\/dalber.com\/blog\/pt-pt\/wp-json\/wp\/v2\/media\/5614"}],"wp:attachment":[{"href":"https:\/\/dalber.com\/blog\/pt-pt\/wp-json\/wp\/v2\/media?parent=5603"}],"wp:term":[{"taxonomy":"category","embeddable":true,"href":"https:\/\/dalber.com\/blog\/pt-pt\/wp-json\/wp\/v2\/categories?post=5603"},{"taxonomy":"post_tag","embeddable":true,"href":"https:\/\/dalber.com\/blog\/pt-pt\/wp-json\/wp\/v2\/tags?post=5603"}],"curies":[{"name":"wp","href":"https:\/\/api.w.org\/{rel}","templated":true}]}}