{"id":5599,"date":"2026-04-29T15:24:11","date_gmt":"2026-04-29T13:24:11","guid":{"rendered":"https:\/\/dalber.com\/blog\/?p=5599"},"modified":"2026-04-29T15:24:12","modified_gmt":"2026-04-29T13:24:12","slug":"la-premiere-lampe-pour-votre-bebe","status":"publish","type":"post","link":"https:\/\/dalber.com\/blog\/fr\/la-premiere-lampe-pour-votre-bebe\/","title":{"rendered":"La premi\u00e8re lampe pour votre b\u00e9b\u00e9"},"content":{"rendered":"\n<p>La premi\u00e8re lampe pour votre b\u00e9b\u00e9&nbsp;: comment choisir l\u2019\u00e9clairage parfait pour sa chambre.<\/p>\n\n\n\n<p>L&#8217;arriv\u00e9e d&#8217;un b\u00e9b\u00e9 change tout. Chaque d\u00e9tail compte, et l&#8217;un des plus importants, bien que souvent n\u00e9glig\u00e9, est l&#8217;\u00e9clairage de sa chambre.<\/p>\n\n\n\n<p>Choisir la premi\u00e8re lampe pour votre b\u00e9b\u00e9 n&#8217;est pas seulement une question d&#8217;esth\u00e9tique, mais aussi de bien-\u00eatre, de repos et de s\u00e9curit\u00e9.<\/p>\n\n\n\n<p>Dans l&#8217;article de blog de ce mois-ci, nous expliquons les caract\u00e9ristiques que doit poss\u00e9der l&#8217;\u00e9clairage id\u00e9al pour un b\u00e9b\u00e9 et comment choisir la lampe parfaite.<\/p>\n\n\n\n<h2 class=\"wp-block-heading\">Pourquoi l&#8217;\u00e9clairage est-il si important pour les b\u00e9b\u00e9s ?<\/h2>\n\n\n\n<p>Durant les premiers mois de sa vie, l&#8217;environnement influence directement le d\u00e9veloppement du b\u00e9b\u00e9.<\/p>\n\n\n\n<figure class=\"wp-block-image size-large is-resized\"><a href=\"https:\/\/dalber.com\/fr\/lampes-de-chevet-pour-enfants\/1534-lampe-de-chevet-pour-enfant-baby-dreams-etoile-bleu-led-8420406002613.html\"><img decoding=\"async\" loading=\"lazy\" width=\"878\" height=\"1024\" src=\"https:\/\/dalber.com\/blog\/wp-content\/uploads\/2026\/04\/lampara-de-mesa-infantil-baby-dreams-estrella-azul-led-878x1024.jpg\" alt=\"\" class=\"wp-image-5556\" style=\"aspect-ratio:0.857421875;width:568px;height:auto\" srcset=\"https:\/\/dalber.com\/blog\/wp-content\/uploads\/2026\/04\/lampara-de-mesa-infantil-baby-dreams-estrella-azul-led-878x1024.jpg 878w, https:\/\/dalber.com\/blog\/wp-content\/uploads\/2026\/04\/lampara-de-mesa-infantil-baby-dreams-estrella-azul-led-257x300.jpg 257w, https:\/\/dalber.com\/blog\/wp-content\/uploads\/2026\/04\/lampara-de-mesa-infantil-baby-dreams-estrella-azul-led-129x150.jpg 129w, https:\/\/dalber.com\/blog\/wp-content\/uploads\/2026\/04\/lampara-de-mesa-infantil-baby-dreams-estrella-azul-led-768x896.jpg 768w, https:\/\/dalber.com\/blog\/wp-content\/uploads\/2026\/04\/lampara-de-mesa-infantil-baby-dreams-estrella-azul-led-150x175.jpg 150w, https:\/\/dalber.com\/blog\/wp-content\/uploads\/2026\/04\/lampara-de-mesa-infantil-baby-dreams-estrella-azul-led.jpg 1200w\" sizes=\"(max-width: 878px) 100vw, 878px\" \/><\/a><figcaption class=\"wp-element-caption\"><a href=\"https:\/\/dalber.com\/fr\/lampes-de-chevet-pour-enfants\/1534-lampe-de-chevet-pour-enfant-baby-dreams-etoile-bleu-led-8420406002613.html\"> <span class=\"h1 namne_details\">Lampe de chevet Veilleuse LED pour enfant Baby Dreams Etoile bleu<\/span> <\/a><\/figcaption><\/figure>\n\n\n\n<p>La lumi\u00e8re joue un r\u00f4le cl\u00e9 dans votre repos, car elle influence le rythme circadien et la production de m\u00e9latonine, l&#8217;hormone du sommeil.<\/p>\n\n\n\n<p>La lampe de chevet pour enfants <a href=\"https:\/\/dalber.com\/fr\/lampes-de-chevet-pour-enfants\/1534-lampe-de-chevet-pour-enfant-baby-dreams-etoile-bleu-led-8420406002613.html\">Baby Dreams<\/a>, orn\u00e9e de trois petites \u00e9toiles bleues, contient une encre fluorescente qui brille dans le noir ; il suffit de l&#8217;allumer pendant 5 \u00e0 10 minutes pour la recharger.<\/p>\n\n\n\n<p>Cette lampe fait \u00e9galement office de veilleuse gr\u00e2ce \u00e0 sa faible consommation d&#8217;\u00e9nergie (ampoule de 4 W). Elle est par ailleurs \u00e9quip\u00e9e d&#8217;un c\u00e2ble avec interrupteur pour plus de praticit\u00e9.<\/p>\n\n\n\n<p>Un \u00e9clairage ad\u00e9quat permet de&nbsp;:<\/p>\n\n\n\n<ul>\n<li>Favoriser un sommeil profond.<\/li>\n\n\n\n<li>R\u00e9duisez le stress visuel.<\/li>\n\n\n\n<li>Cr\u00e9ez un environnement s\u00fbr et accueillant.<\/li>\n<\/ul>\n\n\n\n<p>C&#8217;est pourquoi n&#8217;importe quelle lampe ne conviendra pas. Il est important d&#8217;en choisir une sp\u00e9cialement con\u00e7ue pour les chambres d&#8217;enfants.<\/p>\n\n\n\n<h2 class=\"wp-block-heading\">Une lumi\u00e8re douce et chaude : la cl\u00e9 du repos<\/h2>\n\n\n\n<p>La premi\u00e8re caract\u00e9ristique que devrait poss\u00e9der la lampe de chevet de votre b\u00e9b\u00e9 est une lumi\u00e8re douce et chaude.<\/p>\n\n\n\n<p>Une lumi\u00e8re trop intense ou froide peut perturber votre repos, tandis qu&#8217;un \u00e9clairage tamis\u00e9 favorise la d\u00e9tente et le sommeil.<\/p>\n\n\n\n<p>L&#8217;id\u00e9al :<\/p>\n\n\n\n<ul>\n<li>Lumi\u00e8re diffuse, sans \u00e9blouissement.<\/li>\n\n\n\n<li>Ampoules LED basse consommation.<\/li>\n<\/ul>\n\n\n\n<p>Ce type de lumi\u00e8re cr\u00e9e une ambiance calme, id\u00e9ale pour dormir et aussi pour des moments comme l&#8217;allaitement nocturne.<\/p>\n\n\n\n<h2 class=\"wp-block-heading\">\u00c9clairage diffus et sans ombre<\/h2>\n\n\n\n<p>Une erreur fr\u00e9quente consiste \u00e0 utiliser un \u00e9clairage direct ou trop concentr\u00e9. Pour un b\u00e9b\u00e9, un \u00e9clairage doux et uniforme est pr\u00e9f\u00e9rable.<\/p>\n\n\n\n<p>Les lampes avec diffuseurs, comme les plafonniers ou les suspensions, permettent de r\u00e9partir la lumi\u00e8re sans cr\u00e9er d&#8217;ombres ni d&#8217;\u00e9blouissement.<\/p>\n\n\n\n<figure class=\"wp-block-image size-large is-resized\"><a href=\"https:\/\/dalber.com\/fr\/lustres-3-lumieres-pour-enfants\/852-plafonnier-pour-enfants-a-3-lampes-moonlight-lune-et-etoiles-rose-8420406000411.html\"><img decoding=\"async\" loading=\"lazy\" width=\"878\" height=\"1024\" src=\"https:\/\/dalber.com\/blog\/wp-content\/uploads\/2026\/04\/plafon-de-techo-3-luces-infantil-moonlight-luna-y-estrellas-rosa-878x1024.jpg\" alt=\"\" class=\"wp-image-5561\" style=\"aspect-ratio:0.857421875;width:646px;height:auto\" srcset=\"https:\/\/dalber.com\/blog\/wp-content\/uploads\/2026\/04\/plafon-de-techo-3-luces-infantil-moonlight-luna-y-estrellas-rosa-878x1024.jpg 878w, https:\/\/dalber.com\/blog\/wp-content\/uploads\/2026\/04\/plafon-de-techo-3-luces-infantil-moonlight-luna-y-estrellas-rosa-257x300.jpg 257w, https:\/\/dalber.com\/blog\/wp-content\/uploads\/2026\/04\/plafon-de-techo-3-luces-infantil-moonlight-luna-y-estrellas-rosa-129x150.jpg 129w, https:\/\/dalber.com\/blog\/wp-content\/uploads\/2026\/04\/plafon-de-techo-3-luces-infantil-moonlight-luna-y-estrellas-rosa-768x896.jpg 768w, https:\/\/dalber.com\/blog\/wp-content\/uploads\/2026\/04\/plafon-de-techo-3-luces-infantil-moonlight-luna-y-estrellas-rosa-150x175.jpg 150w, https:\/\/dalber.com\/blog\/wp-content\/uploads\/2026\/04\/plafon-de-techo-3-luces-infantil-moonlight-luna-y-estrellas-rosa.jpg 1200w\" sizes=\"(max-width: 878px) 100vw, 878px\" \/><\/a><figcaption class=\"wp-element-caption\"><a href=\"https:\/\/dalber.com\/fr\/lustres-3-lumieres-pour-enfants\/852-plafonnier-pour-enfants-a-3-lampes-moonlight-lune-et-etoiles-rose-8420406000411.html\"> <span class=\"h1 namne_details\">Plafonnier pour enfants \u00e0 3 lampes Moonlight lune et \u00e9toiles rose<\/span> <\/a><\/figcaption><\/figure>\n\n\n\n<p>Ce plafonnier pour chambre d&#8217;enfant \u00e0 3 lumi\u00e8res, orn\u00e9 de lunes et d&#8217;\u00e9toiles d\u00e9coup\u00e9es, contient de l&#8217;encre fluorescente qui brille dans le noir. Il suffit de l&#8217;allumer pendant 5 \u00e0 10 minutes pour le recharger.<\/p>\n\n\n\n<p>De plus, il est dot\u00e9 d&#8217;un diffuseur anti-\u00e9blouissement et d&#8217;une hauteur r\u00e9glable, id\u00e9al pour les chambres et les aires de jeux, pour une utilisation s\u00fbre et confortable.<\/p>\n\n\n\n<p>Cela am\u00e9liore non seulement le confort visuel, mais \u00e9vite \u00e9galement les stimuli inutiles susceptibles de perturber votre repos.<\/p>\n\n\n\n<h2 class=\"wp-block-heading\">Veilleuse ou guirlande Veilleuse<\/h2>\n\n\n\n<p>Une veilleuse est indispensable dans la chambre de tout enfant.<\/p>\n\n\n\n<p>Ils permettent:<\/p>\n\n\n\n<ul>\n<li>Occupez-vous du b\u00e9b\u00e9 sans allumer de lumi\u00e8re vive.<\/li>\n\n\n\n<li>Cr\u00e9er un sentiment de s\u00e9curit\u00e9.<\/li>\n\n\n\n<li>Favoriser un repos continu.<\/li>\n<\/ul>\n\n\n\n<figure class=\"wp-block-image size-large is-resized\"><a href=\"https:\/\/dalber.com\/fr\/applique-murale-enfants\/1559-applique-murale-pour-enfants-baby-teddy-bleu-ours-8420406002194.html\"><img decoding=\"async\" loading=\"lazy\" width=\"878\" height=\"1024\" src=\"https:\/\/dalber.com\/blog\/wp-content\/uploads\/2026\/04\/aplique-de-pared-infantil-baby-teddy-azul-ositos-878x1024.jpg\" alt=\"\" class=\"wp-image-5566\" style=\"aspect-ratio:0.8571428571428571;width:662px;height:auto\" srcset=\"https:\/\/dalber.com\/blog\/wp-content\/uploads\/2026\/04\/aplique-de-pared-infantil-baby-teddy-azul-ositos-878x1024.jpg 878w, https:\/\/dalber.com\/blog\/wp-content\/uploads\/2026\/04\/aplique-de-pared-infantil-baby-teddy-azul-ositos-257x300.jpg 257w, https:\/\/dalber.com\/blog\/wp-content\/uploads\/2026\/04\/aplique-de-pared-infantil-baby-teddy-azul-ositos-129x150.jpg 129w, https:\/\/dalber.com\/blog\/wp-content\/uploads\/2026\/04\/aplique-de-pared-infantil-baby-teddy-azul-ositos-768x896.jpg 768w, https:\/\/dalber.com\/blog\/wp-content\/uploads\/2026\/04\/aplique-de-pared-infantil-baby-teddy-azul-ositos-150x175.jpg 150w, https:\/\/dalber.com\/blog\/wp-content\/uploads\/2026\/04\/aplique-de-pared-infantil-baby-teddy-azul-ositos.jpg 1200w\" sizes=\"(max-width: 878px) 100vw, 878px\" \/><\/a><figcaption class=\"wp-element-caption\"><a href=\"https:\/\/dalber.com\/fr\/applique-murale-enfants\/1559-applique-murale-pour-enfants-baby-teddy-bleu-ours-8420406002194.html\"> <span class=\"h1 namne_details\">Applique murale pour enfants Baby Teddy Bleu Ours<\/span> <\/a><\/figcaption><\/figure>\n\n\n\n<p>Elle contient de l&#8217;encre fluorescente qui brille dans le noir&nbsp;; il suffit de l&#8217;allumer pendant 5 \u00e0 10&nbsp;minutes pour la charger\u2026 puis de l&#8217;\u00e9teindre et d&#8217;admirer sa lueur magique&nbsp;! Elle peut \u00eatre install\u00e9e directement au mur ou \u00e0 l&#8217;aide du c\u00e2ble fourni avec interrupteur, selon vos besoins.<\/p>\n\n\n\n<p>Les veilleuses ou lampes de chevet \u00e0 lumi\u00e8re douce sont id\u00e9ales pour cet usage, car elles procurent un \u00e9clairage doux et constant pendant la nuit.<\/p>\n\n\n\n<p>On peut aussi opter pour une guirlande lumineuse. Cette solution diffuse une lumi\u00e8re douce dans la chambre, id\u00e9ale pour b\u00e9b\u00e9, et procure une sensation de calme et de s\u00e9curit\u00e9.<\/p>\n\n\n\n<figure class=\"wp-block-image size-large is-resized\"><a href=\"https:\/\/dalber.com\/fr\/guirlande-veilleuse\/1479-guirlande-veilleuse-unicorns-licornes-8420406415956.html\"><img decoding=\"async\" loading=\"lazy\" width=\"878\" height=\"1024\" src=\"https:\/\/dalber.com\/blog\/wp-content\/uploads\/2026\/04\/guirnalda-quitamiedos-unicorns-unicornios-878x1024.jpg\" alt=\"\" class=\"wp-image-5571\" style=\"aspect-ratio:0.8571428571428571;width:667px;height:auto\" srcset=\"https:\/\/dalber.com\/blog\/wp-content\/uploads\/2026\/04\/guirnalda-quitamiedos-unicorns-unicornios-878x1024.jpg 878w, https:\/\/dalber.com\/blog\/wp-content\/uploads\/2026\/04\/guirnalda-quitamiedos-unicorns-unicornios-257x300.jpg 257w, https:\/\/dalber.com\/blog\/wp-content\/uploads\/2026\/04\/guirnalda-quitamiedos-unicorns-unicornios-129x150.jpg 129w, https:\/\/dalber.com\/blog\/wp-content\/uploads\/2026\/04\/guirnalda-quitamiedos-unicorns-unicornios-768x896.jpg 768w, https:\/\/dalber.com\/blog\/wp-content\/uploads\/2026\/04\/guirnalda-quitamiedos-unicorns-unicornios-150x175.jpg 150w, https:\/\/dalber.com\/blog\/wp-content\/uploads\/2026\/04\/guirnalda-quitamiedos-unicorns-unicornios.jpg 1200w\" sizes=\"(max-width: 878px) 100vw, 878px\" \/><\/a><figcaption class=\"wp-element-caption\"><a href=\"https:\/\/dalber.com\/fr\/guirlande-veilleuse\/1479-guirlande-veilleuse-unicorns-licornes-8420406415956.html\"> <span class=\"h1 namne_details\">Guirlande Veilleuse Luminaire Int\u00e9rieur Unicorns &#8211; Licornes<\/span> <\/a><\/figcaption><\/figure>\n\n\n\n<h2 class=\"wp-block-heading\">La s\u00e9curit\u00e9 avant tout<\/h2>\n\n\n\n<p>En mati\u00e8re de s\u00e9curit\u00e9 des b\u00e9b\u00e9s, c&#8217;est non n\u00e9gociable.<\/p>\n\n\n\n<p>Les lampes doivent \u00eatre fabriqu\u00e9es \u00e0 partir de mat\u00e9riaux durables, l\u00e9gers et non toxiques. Dans notre cas, tous nos produits sont conformes aux normes europ\u00e9ennes les plus strictes et sont sp\u00e9cialement con\u00e7us pour les environnements destin\u00e9s aux enfants.<\/p>\n\n\n\n<p>De plus, de nombreux mod\u00e8les sont fabriqu\u00e9s en polypropyl\u00e8ne ignifug\u00e9, ce qui offre une protection suppl\u00e9mentaire.<\/p>\n\n\n\n<h2 class=\"wp-block-heading\">Des designs qui stimulent et d\u00e9tendent<\/h2>\n\n\n\n<p>L&#8217;\u00e9clairage fait \u00e9galement partie de l&#8217;environnement \u00e9motionnel du b\u00e9b\u00e9.<\/p>\n\n\n\n<p>Les lampes pour enfants modernes allient fonctionnalit\u00e9 et design :<\/p>\n\n\n\n<ul>\n<li>Motifs animaliers, nuages \u200b\u200bou \u00e9toiles.<\/li>\n\n\n\n<li>Effets fluorescents qui brillent dans le noir.<\/li>\n\n\n\n<li>Des couleurs douces et apaisantes.<\/li>\n<\/ul>\n\n\n\n<p>Ces types de motifs ne servent pas seulement \u00e0 d\u00e9corer, mais contribuent \u00e9galement \u00e0 cr\u00e9er une atmosph\u00e8re accueillante et familiale, favorisant un sentiment de calme.<\/p>\n\n\n\n<h2 class=\"wp-block-heading\">Associez diff\u00e9rents types de lampes<\/h2>\n\n\n\n<p>Un \u00e9clairage parfait ne d\u00e9pend pas d&#8217;une seule lampe, mais d&#8217;une combinaison ad\u00e9quate&nbsp;:<\/p>\n\n\n\n<figure class=\"wp-block-image size-large\"><a href=\"https:\/\/dalber.com\/fr\/148-moon-dream\"><img decoding=\"async\" loading=\"lazy\" width=\"1024\" height=\"718\" src=\"https:\/\/dalber.com\/blog\/wp-content\/uploads\/2026\/04\/aplique-de-pared-infantil-moon-dream-luna-1024x718.jpg\" alt=\"\" class=\"wp-image-5576\" srcset=\"https:\/\/dalber.com\/blog\/wp-content\/uploads\/2026\/04\/aplique-de-pared-infantil-moon-dream-luna-1024x718.jpg 1024w, https:\/\/dalber.com\/blog\/wp-content\/uploads\/2026\/04\/aplique-de-pared-infantil-moon-dream-luna-300x210.jpg 300w, https:\/\/dalber.com\/blog\/wp-content\/uploads\/2026\/04\/aplique-de-pared-infantil-moon-dream-luna-150x105.jpg 150w, https:\/\/dalber.com\/blog\/wp-content\/uploads\/2026\/04\/aplique-de-pared-infantil-moon-dream-luna-768x538.jpg 768w, https:\/\/dalber.com\/blog\/wp-content\/uploads\/2026\/04\/aplique-de-pared-infantil-moon-dream-luna.jpg 1200w\" sizes=\"(max-width: 1024px) 100vw, 1024px\" \/><\/a><figcaption class=\"wp-element-caption\"><a href=\"https:\/\/dalber.com\/fr\/148-moon-dream\">Collection Moon Dream<\/a><\/figcaption><\/figure>\n\n\n\n<ul>\n<li>Plafonnier: \u00e9clairage g\u00e9n\u00e9ral.<\/li>\n\n\n\n<li>Lampe de table: \u00e9clairage d&#8217;ambiance ou d&#8217;appoint.<\/li>\n\n\n\n<li>Veilleuse: compagne durant la nuit.<\/li>\n<\/ul>\n\n\n\n<p>Avec la collection <a href=\"https:\/\/dalber.com\/fr\/148-moon-dream\">Moon Dream<\/a>, la nuit s&#8217;emplit de calme et de f\u00e9erie. Les phases de la lune illuminent la chambre tandis que de doux animaux endormis accompagnent les tout-petits dans leurs r\u00eaves et leurs moments de repos.<\/p>\n\n\n\n<p>Chaque lampe diffuse une lumi\u00e8re douce et accueillante, cr\u00e9ant une atmosph\u00e8re sereine o\u00f9 l&#8217;imagination peut s&#8217;envoler parmi les lunes et les \u00e9toiles. Les petits animaux qui veillent du coin de l&#8217;\u0153il vous invitent \u00e0 r\u00eaver, \u00e0 vous d\u00e9tendre et \u00e0 d\u00e9couvrir la magie de la nuit dans ses moindres d\u00e9tails.<\/p>\n\n\n\n<p>Moon Dream n&#8217;est pas qu&#8217;un simple luminaire : c&#8217;est un alli\u00e9 pr\u00e9cieux dans la routine nocturne, transformant la chambre en un havre de paix et de moments privil\u00e9gi\u00e9s.<\/p>\n\n\n\n<p>Cette combinaison permet d&#8217;adapter l&#8217;\u00e9clairage \u00e0 chaque moment de la journ\u00e9e et aux besoins du b\u00e9b\u00e9.<\/p>\n\n\n\n<p>Choisir la premi\u00e8re lampe de votre b\u00e9b\u00e9 est bien plus qu&#8217;un simple choix d\u00e9coratif. C&#8217;est un investissement pour son bien-\u00eatre, son repos et son d\u00e9veloppement.<\/p>\n\n\n\n<p>Un bon \u00e9clairage doit \u00eatre doux, s\u00fbr, chaleureux et con\u00e7u pour s&#8217;adapter \u00e0 chaque moment de votre journ\u00e9e.<\/p>\n\n\n\n<p>Chez <a href=\"https:\/\/dalber.com\/fr\/\">Dalber<\/a>, vous trouverez des lampes sp\u00e9cialement con\u00e7ues \u00e0 cet effet, avec des mat\u00e9riaux s\u00fbrs, des designs cr\u00e9\u00e9s pour les enfants et un \u00e9clairage qui prend soin de ce qui est le plus important\u2026 leur repos.<\/p>\n<div style=\"text-align:left\" class=\"yasr-auto-insert-overall\"><\/div><div style=\"text-align:left\" class=\"yasr-auto-insert-visitor\"><\/div>","protected":false},"excerpt":{"rendered":"<p>La premi\u00e8re lampe pour votre b\u00e9b\u00e9&nbsp;: comment choisir l\u2019\u00e9clairage parfait pour sa chambre. L&#8217;arriv\u00e9e d&#8217;un b\u00e9b\u00e9 change tout. Chaque d\u00e9tail compte, et l&#8217;un des plus importants, bien que souvent n\u00e9glig\u00e9, est l&#8217;\u00e9clairage de sa chambre. Choisir la premi\u00e8re lampe pour votre b\u00e9b\u00e9 n&#8217;est pas seulement une question d&#8217;esth\u00e9tique, mais aussi de bien-\u00eatre, de repos et [&hellip;]<\/p>\n","protected":false},"author":1,"featured_media":5612,"comment_status":"open","ping_status":"open","sticky":false,"template":"","format":"standard","meta":{"yasr_overall_rating":0,"yasr_post_is_review":"","yasr_auto_insert_disabled":"","yasr_review_type":"","footnotes":""},"categories":[125],"tags":[160,161,192,162],"yasr_visitor_votes":{"number_of_votes":0,"sum_votes":0,"stars_attributes":{"read_only":false,"span_bottom":false}},"_links":{"self":[{"href":"https:\/\/dalber.com\/blog\/fr\/wp-json\/wp\/v2\/posts\/5599"}],"collection":[{"href":"https:\/\/dalber.com\/blog\/fr\/wp-json\/wp\/v2\/posts"}],"about":[{"href":"https:\/\/dalber.com\/blog\/fr\/wp-json\/wp\/v2\/types\/post"}],"author":[{"embeddable":true,"href":"https:\/\/dalber.com\/blog\/fr\/wp-json\/wp\/v2\/users\/1"}],"replies":[{"embeddable":true,"href":"https:\/\/dalber.com\/blog\/fr\/wp-json\/wp\/v2\/comments?post=5599"}],"version-history":[{"count":2,"href":"https:\/\/dalber.com\/blog\/fr\/wp-json\/wp\/v2\/posts\/5599\/revisions"}],"predecessor-version":[{"id":5606,"href":"https:\/\/dalber.com\/blog\/fr\/wp-json\/wp\/v2\/posts\/5599\/revisions\/5606"}],"wp:featuredmedia":[{"embeddable":true,"href":"https:\/\/dalber.com\/blog\/fr\/wp-json\/wp\/v2\/media\/5612"}],"wp:attachment":[{"href":"https:\/\/dalber.com\/blog\/fr\/wp-json\/wp\/v2\/media?parent=5599"}],"wp:term":[{"taxonomy":"category","embeddable":true,"href":"https:\/\/dalber.com\/blog\/fr\/wp-json\/wp\/v2\/categories?post=5599"},{"taxonomy":"post_tag","embeddable":true,"href":"https:\/\/dalber.com\/blog\/fr\/wp-json\/wp\/v2\/tags?post=5599"}],"curies":[{"name":"wp","href":"https:\/\/api.w.org\/{rel}","templated":true}]}}